{"id":515,"date":"2023-10-14T00:02:17","date_gmt":"2023-10-14T03:02:17","guid":{"rendered":"https:\/\/edvar.pro.br\/sindproifespa\/?p=515"},"modified":"2023-10-14T00:38:24","modified_gmt":"2023-10-14T03:38:24","slug":"nova-vitoria-do-sindproifes-pa","status":"publish","type":"post","link":"https:\/\/edvar.pro.br\/sindproifespa\/nova-vitoria-do-sindproifes-pa\/","title":{"rendered":"Nova vit\u00f3ria do SINDPROIFES-PA"},"content":{"rendered":"\t\t<div data-elementor-type=\"wp-post\" data-elementor-id=\"515\" class=\"elementor elementor-515\" data-elementor-post-type=\"post\">\n\t\t\t\t<div class=\"elementor-element elementor-element-08403ee e-flex e-con-boxed e-con e-parent\" data-id=\"08403ee\" data-element_type=\"container\" data-settings=\"{&quot;background_background&quot;:&quot;classic&quot;}\">\n\t\t\t\t\t<div class=\"e-con-inner\">\n\t\t\t\t<div class=\"elementor-element elementor-element-8ebf0ae elementor-widget elementor-widget-heading\" data-id=\"8ebf0ae\" data-element_type=\"widget\" data-widget_type=\"heading.default\">\n\t\t\t\t<div class=\"elementor-widget-container\">\n\t\t\t\t\t<h2 class=\"elementor-heading-title elementor-size-default\">Nova vit\u00f3ria do SINDPROIFES-PA: mantida a funda\u00e7\u00e3o do Sindicato pela segunda inst\u00e2ncia no TRT8<\/h2>\t\t\t\t<\/div>\n\t\t\t\t<\/div>\n\t\t\t\t\t<\/div>\n\t\t\t\t<\/div>\n\t\t<div class=\"elementor-element elementor-element-85b659e e-flex e-con-boxed e-con e-parent\" data-id=\"85b659e\" data-element_type=\"container\">\n\t\t\t\t\t<div class=\"e-con-inner\">\n\t\t<div class=\"elementor-element elementor-element-09b7125 e-con-full e-flex e-con e-child\" data-id=\"09b7125\" data-element_type=\"container\">\n\t\t\t\t<\/div>\n\t\t<div class=\"elementor-element elementor-element-472c5f9 e-con-full e-flex e-con e-child\" data-id=\"472c5f9\" data-element_type=\"container\">\n\t\t\t\t<div class=\"elementor-element elementor-element-4258886 elementor-widget elementor-widget-image\" data-id=\"4258886\" data-element_type=\"widget\" data-widget_type=\"image.default\">\n\t\t\t\t<div class=\"elementor-widget-container\">\n\t\t\t\t\t\t\t\t\t\t\t\t\t\t\t<img decoding=\"async\" width=\"203\" height=\"84\" src=\"https:\/\/edvar.pro.br\/sindproifespa\/wp-content\/uploads\/2023\/09\/sindproifes.png\" class=\"attachment-large size-large wp-image-39\" alt=\"\" \/>\t\t\t\t\t\t\t\t\t\t\t\t\t\t\t<\/div>\n\t\t\t\t<\/div>\n\t\t\t\t<\/div>\n\t\t<div class=\"elementor-element elementor-element-3fb94ee e-con-full e-flex e-con e-child\" data-id=\"3fb94ee\" data-element_type=\"container\">\n\t\t\t\t<\/div>\n\t\t\t\t\t<\/div>\n\t\t\t\t<\/div>\n\t\t<div class=\"elementor-element elementor-element-1ec50db e-flex e-con-boxed e-con e-parent\" data-id=\"1ec50db\" data-element_type=\"container\">\n\t\t\t\t\t<div class=\"e-con-inner\">\n\t\t\t\t<div class=\"elementor-element elementor-element-049e645 elementor-widget elementor-widget-text-editor\" data-id=\"049e645\" data-element_type=\"widget\" data-widget_type=\"text-editor.default\">\n\t\t\t\t<div class=\"elementor-widget-container\">\n\t\t\t\t\t\t\t\t\t<p>Ap\u00f3s mais de oito anos de tramita\u00e7\u00e3o, o processo que fora ajuizado inicialmente na Justi\u00e7a Comum e remetido para Justi\u00e7a do trabalho apreciar em 2023, em face da compet\u00eancia em apreciar a mat\u00e9ria ser da especializada trabalhista fora julgado em segunda inst\u00e2ncia com desfecho favor\u00e1vel ao SINDPROIFES-PA e toda categoria por ele representada.<\/p><p>No processo que discute a legitima e legal funda\u00e7\u00e3o da entidade sindical as teses aventadas de ilegalidade e fraude foram refutadas e nesse sentido, importante a constata\u00e7\u00e3o do Procurador do Trabalho HIDERALDO LUIZ DE SOUSA MACHADO que em seu parecer no processo expressamente consignou: \u201cConforme cedi\u00e7o, por meio da expedi\u00e7\u00e3o de carta sindical, o Poder P\u00fablico confere personalidade jur\u00eddica para as entidades que atendam as formalidades exigidas pela lei, tornando p\u00fablica a exist\u00eancia do sindicato e habilitando-os para a pr\u00e1tica de atos sindicais. No caso dos autos, a regularidade da cria\u00e7\u00e3o do SINDPROIFES-PA foi apreciada pelo ent\u00e3o Minist\u00e9rio da Economia, atual Minist\u00e9rio do Trabalho e Emprego, que, no curso do procedimento n.\u00ba 46222.007530\/2017-21, deliberou pelo deferimento do registro sindical, com publica\u00e7\u00e3o da decis\u00e3o no Di\u00e1rio Oficial da Uni\u00e3o de 14\/06\/2021 (doc. de ID 8b69d5a), o que implica em ratifica\u00e7\u00e3o dos procedimentos preparat\u00f3rios \u00e0 cria\u00e7\u00e3o da entidade, aqui contemplada a assembleia que discutiu e aprovou o desmembramento do ANDES e do SINASAFE para a cria\u00e7\u00e3o do SINDPROIFESPA\u201d.<br \/>A Magistrada do trabalho PAULA MARIA PEREIRA SOARES, em sede de senten\u00e7a, deixou claro que \u201cVerifica-se que a forma\u00e7\u00e3o e cria\u00e7\u00e3o sindical observou ao regramento da esp\u00e9cie, de modo que o registro pelo \u00f3rg\u00e3o competente tem efeito de atestado de regularidade do procedimento, bem como de observ\u00e2ncia do princ\u00edpio da unicidade sindical e especificidade\u201d.<\/p><p>Informada a ADUFPA recorreu e levou o debate para segunda inst\u00e2ncia, ocasi\u00e3o em que o processo fora julgado por um colegiado composto por tr\u00eas desembargadores(as) na 4\u00aa Turma do TRT8, mantendo, por unanimidade, a senten\u00e7a recorrida e negando provimento ao recurso aviado.<\/p><p>Essa \u00e9 mais uma vit\u00f3ria para categoria representada pelo SINDPROIFES-PA que teve reconhecido o seu direito de organiza\u00e7\u00e3o sindical e de luta.<\/p>\t\t\t\t\t\t\t\t<\/div>\n\t\t\t\t<\/div>\n\t\t\t\t\t<\/div>\n\t\t\t\t<\/div>\n\t\t\t\t<\/div>\n\t\t","protected":false},"excerpt":{"rendered":"<p>Nova vit\u00f3ria do SINDPROIFES-PA: mantida a funda\u00e7\u00e3o do Sindicato pela segunda inst\u00e2ncia no TRT8 Ap\u00f3s mais de oito anos de tramita\u00e7\u00e3o, o processo que fora ajuizado inicialmente na Justi\u00e7a Comum e remetido para Justi\u00e7a do trabalho apreciar em 2023, em face da compet\u00eancia em apreciar a mat\u00e9ria ser da especializada trabalhista fora julgado em segunda [&hellip;]<\/p>\n","protected":false},"author":1,"featured_media":39,"comment_status":"closed","ping_status":"open","sticky":false,"template":"","format":"standard","meta":{"footnotes":""},"categories":[1],"tags":[],"class_list":["post-515","post","type-post","status-publish","format-standard","has-post-thumbnail","hentry","category-uncategorized"],"_links":{"self":[{"href":"https:\/\/edvar.pro.br\/sindproifespa\/wp-json\/wp\/v2\/posts\/515","targetHints":{"allow":["GET"]}}],"collection":[{"href":"https:\/\/edvar.pro.br\/sindproifespa\/wp-json\/wp\/v2\/posts"}],"about":[{"href":"https:\/\/edvar.pro.br\/sindproifespa\/wp-json\/wp\/v2\/types\/post"}],"author":[{"embeddable":true,"href":"https:\/\/edvar.pro.br\/sindproifespa\/wp-json\/wp\/v2\/users\/1"}],"replies":[{"embeddable":true,"href":"https:\/\/edvar.pro.br\/sindproifespa\/wp-json\/wp\/v2\/comments?post=515"}],"version-history":[{"count":16,"href":"https:\/\/edvar.pro.br\/sindproifespa\/wp-json\/wp\/v2\/posts\/515\/revisions"}],"predecessor-version":[{"id":550,"href":"https:\/\/edvar.pro.br\/sindproifespa\/wp-json\/wp\/v2\/posts\/515\/revisions\/550"}],"wp:featuredmedia":[{"embeddable":true,"href":"https:\/\/edvar.pro.br\/sindproifespa\/wp-json\/wp\/v2\/media\/39"}],"wp:attachment":[{"href":"https:\/\/edvar.pro.br\/sindproifespa\/wp-json\/wp\/v2\/media?parent=515"}],"wp:term":[{"taxonomy":"category","embeddable":true,"href":"https:\/\/edvar.pro.br\/sindproifespa\/wp-json\/wp\/v2\/categories?post=515"},{"taxonomy":"post_tag","embeddable":true,"href":"https:\/\/edvar.pro.br\/sindproifespa\/wp-json\/wp\/v2\/tags?post=515"}],"curies":[{"name":"wp","href":"https:\/\/api.w.org\/{rel}","templated":true}]}}